{"id":93,"date":"2006-02-21T13:24:00","date_gmt":"2006-02-21T12:24:00","guid":{"rendered":"http:\/\/www.noepker-vereine.de\/SchuetzenvereinHomepage\/?p=93"},"modified":"2025-01-10T13:27:05","modified_gmt":"2025-01-10T12:27:05","slug":"juxschiessen-2006","status":"publish","type":"post","link":"http:\/\/www.noepker-vereine.de\/SchuetzenvereinHomepage\/2006\/02\/21\/juxschiessen-2006\/","title":{"rendered":"Juxschie\u00dfen 2006"},"content":{"rendered":"\n<p>Juxschie\u00dfen der Jugend<\/p>\n\n\n\n<hr class=\"wp-block-separator has-alpha-channel-opacity\"\/>\n\n\n\n<p>Von den mittlerweile 30 Kindern!, die die Jugendgruppe stellen, hatten sich 25 zum Juxschie\u00dfen eingefunden. Von Pippi Langstrumpf \u00fcber Punker bis zur Hexe war fast alles vertreten. Viel Spa\u00df machte es, mit der Armbrust oder dem Luftgewehr Blumen &#8222;abzuschie\u00dfen&#8220;. Dabei war auch Gl\u00fcck mit im Spiel. Den ersten Preis belegte Michael Jaster, gefolgt von Aileen Niemeyer und Julia Knigge. Platz 4 und 5 sicherten sich Maximilian Wenke und Marek Dorfm\u00fcller. Doch auch die nachfolgenden Sch\u00fctzen konnten sich alle \u00fcber einen Preis freuen. Zum Abschluss gab es Pommes zur St\u00e4rkung. Ein bisschen Wehmut herrschte, weil Marion Mehwald sich an diesem Abend von &#8222;ihren&#8220; Kindern verabschieden musste, da sie das Amt aus Wohnortgr\u00fcnden an Carola Dowe abgibt. Doch hat sie sicher mit ihr eine w\u00fcrdige Nachfolgerin gefunden. Zusammen mit Sabine Schiller und Michael Mehwald will sie die Gruppe jedoch auch weiterhin unterst\u00fctzen.<\/p>\n\n\n\n<p>Wer von den Kindern und Jugendlichen Interesse hat und zwischen 8 und 17 Jahre alt ist, der komme doch einfach im Sch\u00fctzenhaus vorbei; und zwar trifft sich die Jugendgruppe dort jeden 1. und 3. Dienstag im Monat um 18.00 Uhr. von &#8222;sheepworld&#8220;.<\/p>\n\n\n\n<figure class=\"wp-block-image size-full\"><img loading=\"lazy\" decoding=\"async\" width=\"700\" height=\"525\" src=\"http:\/\/www.noepker-vereine.de\/SchuetzenvereinHomepage\/wp-content\/uploads\/2025\/01\/juxschiessenJugend12006.jpg\" alt=\"\" class=\"wp-image-94\" srcset=\"http:\/\/www.noepker-vereine.de\/SchuetzenvereinHomepage\/wp-content\/uploads\/2025\/01\/juxschiessenJugend12006.jpg 700w, http:\/\/www.noepker-vereine.de\/SchuetzenvereinHomepage\/wp-content\/uploads\/2025\/01\/juxschiessenJugend12006-300x225.jpg 300w\" sizes=\"auto, (max-width: 700px) 100vw, 700px\" \/><\/figure>\n\n\n\n<figure class=\"wp-block-image size-full\"><img loading=\"lazy\" decoding=\"async\" width=\"700\" height=\"525\" src=\"http:\/\/www.noepker-vereine.de\/SchuetzenvereinHomepage\/wp-content\/uploads\/2025\/01\/juxschiessenJugend22006.jpg\" alt=\"\" class=\"wp-image-95\" srcset=\"http:\/\/www.noepker-vereine.de\/SchuetzenvereinHomepage\/wp-content\/uploads\/2025\/01\/juxschiessenJugend22006.jpg 700w, http:\/\/www.noepker-vereine.de\/SchuetzenvereinHomepage\/wp-content\/uploads\/2025\/01\/juxschiessenJugend22006-300x225.jpg 300w\" sizes=\"auto, (max-width: 700px) 100vw, 700px\" \/><\/figure>\n","protected":false},"excerpt":{"rendered":"<p>Juxschie\u00dfen der Jugend Von den mittlerweile 30 Kindern!, die die Jugendgruppe stellen, hatten sich 25 zum Juxschie\u00dfen eingefunden. Von Pippi Langstrumpf \u00fcber Punker bis zur Hexe war fast alles vertreten. Viel Spa\u00df machte es, mit der Armbrust oder dem Luftgewehr &hellip; <a href=\"http:\/\/www.noepker-vereine.de\/SchuetzenvereinHomepage\/2006\/02\/21\/juxschiessen-2006\/\">Weiterlesen <span class=\"meta-nav\">&rarr;<\/span><\/a><\/p>\n","protected":false},"author":1,"featured_media":0,"comment_status":"closed","ping_status":"closed","sticky":false,"template":"","format":"standard","meta":{"footnotes":""},"categories":[1],"tags":[15,14,12],"class_list":["post-93","post","type-post","status-publish","format-standard","hentry","category-allgemein","tag-jugend","tag-kinder","tag-veranstaltung"],"_links":{"self":[{"href":"http:\/\/www.noepker-vereine.de\/SchuetzenvereinHomepage\/wp-json\/wp\/v2\/posts\/93","targetHints":{"allow":["GET"]}}],"collection":[{"href":"http:\/\/www.noepker-vereine.de\/SchuetzenvereinHomepage\/wp-json\/wp\/v2\/posts"}],"about":[{"href":"http:\/\/www.noepker-vereine.de\/SchuetzenvereinHomepage\/wp-json\/wp\/v2\/types\/post"}],"author":[{"embeddable":true,"href":"http:\/\/www.noepker-vereine.de\/SchuetzenvereinHomepage\/wp-json\/wp\/v2\/users\/1"}],"replies":[{"embeddable":true,"href":"http:\/\/www.noepker-vereine.de\/SchuetzenvereinHomepage\/wp-json\/wp\/v2\/comments?post=93"}],"version-history":[{"count":1,"href":"http:\/\/www.noepker-vereine.de\/SchuetzenvereinHomepage\/wp-json\/wp\/v2\/posts\/93\/revisions"}],"predecessor-version":[{"id":96,"href":"http:\/\/www.noepker-vereine.de\/SchuetzenvereinHomepage\/wp-json\/wp\/v2\/posts\/93\/revisions\/96"}],"wp:attachment":[{"href":"http:\/\/www.noepker-vereine.de\/SchuetzenvereinHomepage\/wp-json\/wp\/v2\/media?parent=93"}],"wp:term":[{"taxonomy":"category","embeddable":true,"href":"http:\/\/www.noepker-vereine.de\/SchuetzenvereinHomepage\/wp-json\/wp\/v2\/categories?post=93"},{"taxonomy":"post_tag","embeddable":true,"href":"http:\/\/www.noepker-vereine.de\/SchuetzenvereinHomepage\/wp-json\/wp\/v2\/tags?post=93"}],"curies":[{"name":"wp","href":"https:\/\/api.w.org\/{rel}","templated":true}]}}