{"id":76,"date":"2024-01-28T13:12:00","date_gmt":"2024-01-28T12:12:00","guid":{"rendered":"http:\/\/www.noepker-vereine.de\/SchuetzenvereinHomepage\/?p=76"},"modified":"2025-01-10T13:14:08","modified_gmt":"2025-01-10T12:14:08","slug":"die-kleiderkammer","status":"publish","type":"post","link":"http:\/\/www.noepker-vereine.de\/SchuetzenvereinHomepage\/2024\/01\/28\/die-kleiderkammer\/","title":{"rendered":"Die Kleiderkammer &#8230;"},"content":{"rendered":"\n<p><strong>&#8230; sucht gut erhaltene<\/strong><\/p>\n\n\n\n<ul class=\"wp-block-list\">\n<li><strong>ausgediente Uniformen<\/strong><\/li>\n\n\n\n<li><strong>Sch\u00fctzenjacken, -westen, -r\u00f6cke<\/strong><\/li>\n\n\n\n<li><strong>Regenjacken<\/strong><\/li>\n\n\n\n<li><strong>Accessoires, wie Schlips gerne auch die Orden<\/strong><\/li>\n<\/ul>\n\n\n\n<p>Liebe Sch\u00fctzinnen, liebe Sch\u00fctzen,<\/p>\n\n\n\n<p>die in 2023 eingerichtete Kleiderkammer ist welter \u201ege\u00f6ffnet\u201c. Wir suchen weiterhin ausgediente, nicht mehr ben\u00f6tigte aber gut erhaltene Uniformen. Aus diesem Fundus konnten und k\u00f6nnen wir 2. B. unsere Jung-Erwachsenen und\/oder neue Mitglieder ausstatten sowie auch unseren Mitgliedern einen Tausch anbieten.<\/p>\n\n\n\n<p>die in 2023 eingerichtete Kleiderkammer ist welter \u201ege\u00f6ffnet\u201c. Wir suchen weiterhin ausgediente, nicht mehr ben\u00f6tigte aber gut erhaltene Uniformen. Aus diesem Fundus konnten und k\u00f6nnen wir 2. B. unsere Jung-Erwachsenen und\/oder neue Mitglieder ausstatten sowie auch unseren Mitgliedern einen Tausch anbieten.<\/p>\n\n\n\n<p class=\"has-text-align-center\"><strong>Schaut doch bitte einmal nach, ob sich noch das eine oder andere nicht mehr ben\u00f6tigte Teil finden l\u00e4sst. seid ihr f\u00fcndig geworden, wascht\/reinigt alles und gebt es weiter.<\/strong><\/p>\n\n\n\n<p>Die Verwaltung der <strong>Kleiderkammer<\/strong> erfolgt \u00fcber Katja Meinicke, die ihr unter Tel-Nr.: 0151 \/ 22732585 erreichen k\u00f6nnt, um einen Abgabetermin zu vereinbaren. Vielen Dank im Voraus,<\/p>\n\n\n\n<p>Mit freundlichen Gr\u00fc\u00dfen<br>Der Vorstand<\/p>\n\n\n\n<p><\/p>\n","protected":false},"excerpt":{"rendered":"<p>Die Kleiderkammer &#8230; <a href=\"http:\/\/www.noepker-vereine.de\/SchuetzenvereinHomepage\/2024\/01\/28\/die-kleiderkammer\/\">Weiterlesen <span class=\"meta-nav\">&rarr;<\/span><\/a><\/p>\n","protected":false},"author":1,"featured_media":0,"comment_status":"open","ping_status":"open","sticky":false,"template":"","format":"standard","meta":{"footnotes":""},"categories":[1],"tags":[9,10,13],"class_list":["post-76","post","type-post","status-publish","format-standard","hentry","category-allgemein","tag-damen","tag-herren","tag-kleidung"],"_links":{"self":[{"href":"http:\/\/www.noepker-vereine.de\/SchuetzenvereinHomepage\/wp-json\/wp\/v2\/posts\/76","targetHints":{"allow":["GET"]}}],"collection":[{"href":"http:\/\/www.noepker-vereine.de\/SchuetzenvereinHomepage\/wp-json\/wp\/v2\/posts"}],"about":[{"href":"http:\/\/www.noepker-vereine.de\/SchuetzenvereinHomepage\/wp-json\/wp\/v2\/types\/post"}],"author":[{"embeddable":true,"href":"http:\/\/www.noepker-vereine.de\/SchuetzenvereinHomepage\/wp-json\/wp\/v2\/users\/1"}],"replies":[{"embeddable":true,"href":"http:\/\/www.noepker-vereine.de\/SchuetzenvereinHomepage\/wp-json\/wp\/v2\/comments?post=76"}],"version-history":[{"count":1,"href":"http:\/\/www.noepker-vereine.de\/SchuetzenvereinHomepage\/wp-json\/wp\/v2\/posts\/76\/revisions"}],"predecessor-version":[{"id":77,"href":"http:\/\/www.noepker-vereine.de\/SchuetzenvereinHomepage\/wp-json\/wp\/v2\/posts\/76\/revisions\/77"}],"wp:attachment":[{"href":"http:\/\/www.noepker-vereine.de\/SchuetzenvereinHomepage\/wp-json\/wp\/v2\/media?parent=76"}],"wp:term":[{"taxonomy":"category","embeddable":true,"href":"http:\/\/www.noepker-vereine.de\/SchuetzenvereinHomepage\/wp-json\/wp\/v2\/categories?post=76"},{"taxonomy":"post_tag","embeddable":true,"href":"http:\/\/www.noepker-vereine.de\/SchuetzenvereinHomepage\/wp-json\/wp\/v2\/tags?post=76"}],"curies":[{"name":"wp","href":"https:\/\/api.w.org\/{rel}","templated":true}]}}