{"id":72,"date":"2024-01-28T13:08:00","date_gmt":"2024-01-28T12:08:00","guid":{"rendered":"http:\/\/www.noepker-vereine.de\/SchuetzenvereinHomepage\/?p=72"},"modified":"2025-01-10T13:11:39","modified_gmt":"2025-01-10T12:11:39","slug":"einladung-zur-jahreshauptversammlung","status":"publish","type":"post","link":"http:\/\/www.noepker-vereine.de\/SchuetzenvereinHomepage\/2024\/01\/28\/einladung-zur-jahreshauptversammlung\/","title":{"rendered":"Einladung zur Jahreshauptversammlung 2024"},"content":{"rendered":"\n<p>Liebe Sch\u00fctzenschwestern, liebe Sch\u00fctzenbr\u00fcder,<\/p>\n\n\n\n<p>zu unserer diesj\u00e4hrigen Hauptversammlung am<\/p>\n\n\n\n<p><strong>Samstag, den 10.02.2024 um 20.00 Uhr<\/strong><\/p>\n\n\n\n<p>im <em>N\u00f6pker Bierhus<\/em> laden wir hiermit ein.<\/p>\n\n\n\n<h4 id=\"tagesordnung\" class=\"wp-block-heading\">Tagesordnung:<\/h4>\n\n\n\n<ol class=\"wp-block-list\">\n<li>Begr\u00fc\u00dfung<\/li>\n\n\n\n<li>Gedenken der verstorbenen Mitglieder<\/li>\n\n\n\n<li>Verlesung der letzten Niederschrift JHV 11.03.2023<\/li>\n\n\n\n<li>T\u00e4tigkeitsbericht Gesch\u00e4ftsjahr 2023 des 1. Vorsitzenden<\/li>\n\n\n\n<li>T\u00e4tigkeitsbericht Gesch\u00e4ftsjahr 2023 des 1. Schie\u00dfwarts<\/li>\n\n\n\n<li>T\u00e4tigkeitsbericht Gesch\u00e4ftsjahr 2023 der Jugendleiterin<\/li>\n\n\n\n<li>T\u00e4tigkeitsbericht Gesch\u00e4ftsjahr 2023 der Damenleiterin<\/li>\n\n\n\n<li>T\u00e4tigkeitsbericht Gesch\u00e4ftsjahr 2023 des Kapellensprechers<\/li>\n\n\n\n<li>Kassenbericht Gesch\u00e4ftsjahr 2023<\/li>\n\n\n\n<li>Neuwahl Kassenpr\u00fcfer<\/li>\n\n\n\n<li>Genehmigung des Haushaltsplan 2024<\/li>\n\n\n\n<li>Ehrungen<\/li>\n\n\n\n<li>Neuwahlen:\n<ul class=\"wp-block-list\">\n<li>2. Vorsitzende\/r<\/li>\n\n\n\n<li>1. Kassenwart\/in<\/li>\n\n\n\n<li>1. Schie\u00dfwart\/in<\/li>\n\n\n\n<li>2. Damenleiterin<\/li>\n\n\n\n<li>1. Jugendleiter\/in<\/li>\n\n\n\n<li>1. Fahnentr\u00e4ger\/in<\/li>\n\n\n\n<li>1 Delegierte(r) \/ 2 Ersatzdelegierte(r) Kreissch\u00fctzentag<\/li>\n<\/ul>\n<\/li>\n\n\n\n<li>Beitragserh\u00f6hung Kinder<\/li>\n\n\n\n<li>Verschiedenes\n<ul class=\"wp-block-list\">\n<li>Termine<\/li>\n\n\n\n<li>Katerfr\u00fchst\u00fcck ab 2024<\/li>\n\n\n\n<li>Beerdigungen<\/li>\n\n\n\n<li>Jubil\u00e4um 2024<\/li>\n<\/ul>\n<\/li>\n<\/ol>\n\n\n\n<p>Wir bitten um rege Beteiligung.<\/p>\n\n\n\n<p>Mit freundlichen Sch\u00fctzengru\u00df<br>Sven Behrmann (1. Vorsitzender)<\/p>\n\n\n\n<div class=\"wp-block-file\" style=\"margin-top:var(--wp--preset--spacing--40);margin-bottom:var(--wp--preset--spacing--40)\"><a id=\"wp-block-file--media-f8de9d8c-fc10-42dd-8046-6dc47860f585\" href=\"http:\/\/www.noepker-vereine.de\/SchuetzenvereinHomepage\/wp-content\/uploads\/2025\/01\/EinladungHauptversammlung2024.pdf\">Einladung Hauptversammlung 2024 (PDF)<\/a><a href=\"http:\/\/www.noepker-vereine.de\/SchuetzenvereinHomepage\/wp-content\/uploads\/2025\/01\/EinladungHauptversammlung2024.pdf\" class=\"wp-block-file__button wp-element-button\" download aria-describedby=\"wp-block-file--media-f8de9d8c-fc10-42dd-8046-6dc47860f585\">Herunterladen<\/a><\/div>\n","protected":false},"excerpt":{"rendered":"<p>Jahreshauptversammlung am 10. Februar 2024 <a href=\"http:\/\/www.noepker-vereine.de\/SchuetzenvereinHomepage\/2024\/01\/28\/einladung-zur-jahreshauptversammlung\/\">Weiterlesen <span class=\"meta-nav\">&rarr;<\/span><\/a><\/p>\n","protected":false},"author":1,"featured_media":0,"comment_status":"closed","ping_status":"closed","sticky":false,"template":"","format":"standard","meta":{"footnotes":""},"categories":[1],"tags":[11],"class_list":["post-72","post","type-post","status-publish","format-standard","hentry","category-allgemein","tag-versammlung"],"_links":{"self":[{"href":"http:\/\/www.noepker-vereine.de\/SchuetzenvereinHomepage\/wp-json\/wp\/v2\/posts\/72","targetHints":{"allow":["GET"]}}],"collection":[{"href":"http:\/\/www.noepker-vereine.de\/SchuetzenvereinHomepage\/wp-json\/wp\/v2\/posts"}],"about":[{"href":"http:\/\/www.noepker-vereine.de\/SchuetzenvereinHomepage\/wp-json\/wp\/v2\/types\/post"}],"author":[{"embeddable":true,"href":"http:\/\/www.noepker-vereine.de\/SchuetzenvereinHomepage\/wp-json\/wp\/v2\/users\/1"}],"replies":[{"embeddable":true,"href":"http:\/\/www.noepker-vereine.de\/SchuetzenvereinHomepage\/wp-json\/wp\/v2\/comments?post=72"}],"version-history":[{"count":2,"href":"http:\/\/www.noepker-vereine.de\/SchuetzenvereinHomepage\/wp-json\/wp\/v2\/posts\/72\/revisions"}],"predecessor-version":[{"id":75,"href":"http:\/\/www.noepker-vereine.de\/SchuetzenvereinHomepage\/wp-json\/wp\/v2\/posts\/72\/revisions\/75"}],"wp:attachment":[{"href":"http:\/\/www.noepker-vereine.de\/SchuetzenvereinHomepage\/wp-json\/wp\/v2\/media?parent=72"}],"wp:term":[{"taxonomy":"category","embeddable":true,"href":"http:\/\/www.noepker-vereine.de\/SchuetzenvereinHomepage\/wp-json\/wp\/v2\/categories?post=72"},{"taxonomy":"post_tag","embeddable":true,"href":"http:\/\/www.noepker-vereine.de\/SchuetzenvereinHomepage\/wp-json\/wp\/v2\/tags?post=72"}],"curies":[{"name":"wp","href":"https:\/\/api.w.org\/{rel}","templated":true}]}}