{"id":70,"date":"2024-02-26T13:05:00","date_gmt":"2024-02-26T12:05:00","guid":{"rendered":"http:\/\/www.noepker-vereine.de\/SchuetzenvereinHomepage\/?p=70"},"modified":"2025-01-10T13:07:16","modified_gmt":"2025-01-10T12:07:16","slug":"jahreshauptversammlung-2024","status":"publish","type":"post","link":"http:\/\/www.noepker-vereine.de\/SchuetzenvereinHomepage\/2024\/02\/26\/jahreshauptversammlung-2024\/","title":{"rendered":"Jahreshauptversammlung 2024"},"content":{"rendered":"\n<p>Der Sch\u00fctzenverein N\u00f6pke e.V. hat am 10.02.2024 seine Jahreshauptversammlung abgehalten. Es nahmen 64 Sch\u00fctzenmitglieder im N\u00f6pker Bierhus teil. Sven Behrmann er\u00f6ffnete als erster Vorsitzender die Versammlung um 20 Uhr.<br>Alle Vorstandsmitglieder gaben einen Bericht Ihres Ressorts ab und informierten die Mitglieder \u00fcber das gelaufene Gesch\u00e4ftsjahr 2023 und die stattgefundenen Aktivit\u00e4ten.<br>Es gab Neuwahlen, Ehrungen f\u00fcr langj\u00e4hrige Mitgliedschaft und Verdienste um den Verein und einen Ausblick auf das 100j\u00e4hrige Jubil\u00e4um im August diesen Jahres.<\/p>\n\n\n\n<p>Die Ehrungen der Gr\u00fcndungsmitglieder Damenriege, werden im Rahmen des Jubil\u00e4ums vorgenommen \u2013 sie wurden aber namentlich verlesen \u2013 denn der Verein feiert dieses Jahr nicht nur 100j\u00e4hriges Bestehen, sondern auch 50 Jahre Damenriege. Ebenfalls 50 Jahre im Verein ist Walter G\u00f6rbitz, f\u00fcr 25 Jahre Mitgliedschaft wurden Henrik Bremer, Michael Jaster, Alexander Str\u00f6h und Christian Umlauf geehrt.<br>Auch Lars Bergmann (wohnhaft idN von M\u00fcnchen) wurde f\u00fcr seine 40j\u00e4hrige T\u00e4tigkeit in der Sch\u00fctzenkapelle geehrt, konnte aber aufgrund der weiten Entfernung nicht pers\u00f6nlich vor Ort sein. F\u00fcr besondere Verdienste um den Verein, wurden Verdienstorden in Bronze an Andre Herder, Karina Woldt, Cord Wegener-Rabe, Stephan Meinicke, in Gold an Michael Laube und den gro\u00dfen Verdienstorden in Alt-Silber an Peter Homann \u00fcberreicht.<\/p>\n\n\n\n<p>Neu gew\u00e4hlt wurden der 2. Vorsitzende, der 3. Vorsitzende, der 2. und 3. Kassenwart und der 1. Fahnentr\u00e4ger.<br>Sven Kallweit bisher 3. Vorsitzender r\u00fcckte auf den Platz des 2. Vorsitzenden. Peter Homann, der bisher das Amt bekleidete entschied sich nach 25 Jahren Vorstandsarbeit nicht mehr anzutreten und wurde vom Vorstand und dem Verein dankend verabschiedet.<br>Zum 3. Vorsitzenden wurde Stephan Meinicke gew\u00e4hlt. 2. Kassenwart wurde der amtierende Sch\u00fctzenk\u00f6nig Andre Herder, 3. Kassenwart und somit neu im Vorstand ist Jan-Hendrik Rabe und auch der 1. Fahnentr\u00e4ger Johannes Dietze wurde als neues Vorstandsmitglied gew\u00e4hlt. Alle Pl\u00e4tze sind neu besetzt, so dass der Vorstand das bevorstehende 100-j\u00e4hrige Vereinsjubil\u00e4um vom 16.08. \u2013 18.08.2024 mit voller Kraft weiter ausgestalten und organisieren kann.<\/p>\n\n\n\n<p>Die Feierlichkeiten beginnen am Freitag, den 16.08.24 mit einer Mallorca Party. Diese ist zweifellos ein grandioser Jubil\u00e4umsauftakt, bei dem die bis zu 1000 erwarteten Besucher ausgelassen feiern k\u00f6nnen. Der Ballermann-DJ Chris Mega und bekannte Gr\u00f6\u00dfen wie Killermichel, Frenzy, Isi Gl\u00fcck und Julian Sommer holen das Partygef\u00fchl der Insel nach N\u00f6pke.<\/p>\n\n\n\n<p>Am Samstag, den 17.08. l\u00e4dt der N\u00f6pker Sch\u00fctzenverein zu einem Jubil\u00e4umsausmarsch ein.<br>Gemeinsam mit befreundeten Vereinen und musikalischer Begleitung geht es durchs Dorf und anschlie\u00dfend aufs Zelt. Die Blechstreetboys \u2013 eine Future-Brass-Band aus Bamberg \u2013 wird f\u00fcr Stimmung sorgen..<\/p>\n\n\n\n<p>Das Jubil\u00e4umswochenende klingt Sonntag den 18.08. mit einem Festakt zum 50j\u00e4hrigen Bestehen der Sch\u00fctzendamenriege und einem kleinen Rahmenprogramm bei Kaffee und Kuchen aus.<\/p>\n\n\n\n<p>Das ganze Wochenende \u00fcber erwarten die Besucher auf dem N\u00f6pker Festplatz \u201eAn Sandbarge\u201c kulinarische K\u00f6stlichkeiten (Pasta-Mobil, Griechische Spezialit\u00e4ten, Eiscreme und vieles mehr) und verschiedenen Aktivit\u00e4ten f\u00fcr Gro\u00df und Klein.<\/p>\n\n\n\n<p>Das Festwochenende zum 100-j\u00e4hrigen Vereinsjubil\u00e4um verspricht also ein unvergessliches Erlebnis f\u00fcr alle Teilnehmerinnen und Teilnehmer zu werden.<\/p>\n","protected":false},"excerpt":{"rendered":"<p>Bericht von der Jahreshauptversammlung <a href=\"http:\/\/www.noepker-vereine.de\/SchuetzenvereinHomepage\/2024\/02\/26\/jahreshauptversammlung-2024\/\">Weiterlesen <span class=\"meta-nav\">&rarr;<\/span><\/a><\/p>\n","protected":false},"author":1,"featured_media":0,"comment_status":"open","ping_status":"open","sticky":false,"template":"","format":"standard","meta":{"footnotes":""},"categories":[1],"tags":[11],"class_list":["post-70","post","type-post","status-publish","format-standard","hentry","category-allgemein","tag-versammlung"],"_links":{"self":[{"href":"http:\/\/www.noepker-vereine.de\/SchuetzenvereinHomepage\/wp-json\/wp\/v2\/posts\/70","targetHints":{"allow":["GET"]}}],"collection":[{"href":"http:\/\/www.noepker-vereine.de\/SchuetzenvereinHomepage\/wp-json\/wp\/v2\/posts"}],"about":[{"href":"http:\/\/www.noepker-vereine.de\/SchuetzenvereinHomepage\/wp-json\/wp\/v2\/types\/post"}],"author":[{"embeddable":true,"href":"http:\/\/www.noepker-vereine.de\/SchuetzenvereinHomepage\/wp-json\/wp\/v2\/users\/1"}],"replies":[{"embeddable":true,"href":"http:\/\/www.noepker-vereine.de\/SchuetzenvereinHomepage\/wp-json\/wp\/v2\/comments?post=70"}],"version-history":[{"count":1,"href":"http:\/\/www.noepker-vereine.de\/SchuetzenvereinHomepage\/wp-json\/wp\/v2\/posts\/70\/revisions"}],"predecessor-version":[{"id":71,"href":"http:\/\/www.noepker-vereine.de\/SchuetzenvereinHomepage\/wp-json\/wp\/v2\/posts\/70\/revisions\/71"}],"wp:attachment":[{"href":"http:\/\/www.noepker-vereine.de\/SchuetzenvereinHomepage\/wp-json\/wp\/v2\/media?parent=70"}],"wp:term":[{"taxonomy":"category","embeddable":true,"href":"http:\/\/www.noepker-vereine.de\/SchuetzenvereinHomepage\/wp-json\/wp\/v2\/categories?post=70"},{"taxonomy":"post_tag","embeddable":true,"href":"http:\/\/www.noepker-vereine.de\/SchuetzenvereinHomepage\/wp-json\/wp\/v2\/tags?post=70"}],"curies":[{"name":"wp","href":"https:\/\/api.w.org\/{rel}","templated":true}]}}