{"id":62,"date":"2024-07-22T12:58:00","date_gmt":"2024-07-22T10:58:00","guid":{"rendered":"http:\/\/www.noepker-vereine.de\/SchuetzenvereinHomepage\/?p=62"},"modified":"2025-01-10T13:07:32","modified_gmt":"2025-01-10T12:07:32","slug":"100-jahre-schuetzenverein-noepke-grosses-festwochenende-geplant","status":"publish","type":"post","link":"http:\/\/www.noepker-vereine.de\/SchuetzenvereinHomepage\/2024\/07\/22\/100-jahre-schuetzenverein-noepke-grosses-festwochenende-geplant\/","title":{"rendered":"100 Jahre Sch\u00fctzenverein N\u00f6pke &#8211; Gro\u00dfes Festwochenende geplant"},"content":{"rendered":"\n<p>Die Feierlichkeiten beginnen am Freitag, den 16.08.2024 mit einer Mallorca Party. Diese ist zweifellos ein grandioser Jubil\u00e4umsauftakt, bei dem die bis zu 800 erwarteten Besucher ausgelassen feiern k\u00f6nnen. Der Ballermann-DJ Chris Mega und bekannte Gr\u00f6\u00dfen wie Killermichel, Frenzy, Isi Gl\u00fcck und Julian Sommer holen das Partygef\u00fchl der Insel nach N\u00f6pke.<\/p>\n\n\n\n<p>Tickets f\u00fcr dieses Event gibt es weiterhin beim Vereinsvorstand oder online unter <a href=\"https:\/\/diginights.com\/event\/2024-08-16-mallorcaparty-noepke-schuetzenplatz-noepke\">diginights.com<\/a><\/p>\n\n\n\n<p>Am Samstag, den 17.08. l\u00e4dt der N\u00f6pker Sch\u00fctzenverein zu einem gro\u00dfen Jubil\u00e4umsausmarsch ein.<br>Gemeinsam mit befreundeten Vereinen und musikalischer Begleitung geht es durchs Dorf und anschlie\u00dfend aufs Zelt. Die Blechstreetboys \u2013 eine Future-Brass-Partyband aus Bamberg \u2013 wird ab 18 Uhr f\u00fcr Stimmung sorgen. Auch hier gibt es Karten beim Vereinsvorstand oder an der Abendkasse.<\/p>\n\n\n\n<p>Das Jubil\u00e4umswochenende klingt Sonntag den 18.08. mit einem Festakt zum 50j\u00e4hrigen Bestehen der Sch\u00fctzendamenriege und einem kleinen Rahmenprogramm bei Kaffee und Kuchen aus.<\/p>\n\n\n\n<p>Das ganze Wochenende \u00fcber erwarten die Besucher auf dem N\u00f6pker Festplatz \u201eAn Sandbarge\u201c kulinarische K\u00f6stlichkeiten (Pasta-Mobil, Griechische Spezialit\u00e4ten, Eiscreme und vieles mehr) und verschiedenen Aktivit\u00e4ten f\u00fcr Gro\u00df und Klein.<\/p>\n\n\n\n<p>Das Festwochenende zum 100-j\u00e4hrigen Vereinsjubil\u00e4um verspricht also ein unvergessliches Erlebnis f\u00fcr alle Teilnehmerinnen und Teilnehmer zu werden.<\/p>\n","protected":false},"excerpt":{"rendered":"<p>Auftakt bildet die Mallorca Party mit Mega Line-Up <a href=\"http:\/\/www.noepker-vereine.de\/SchuetzenvereinHomepage\/2024\/07\/22\/100-jahre-schuetzenverein-noepke-grosses-festwochenende-geplant\/\">Weiterlesen <span class=\"meta-nav\">&rarr;<\/span><\/a><\/p>\n","protected":false},"author":1,"featured_media":63,"comment_status":"closed","ping_status":"closed","sticky":false,"template":"","format":"standard","meta":{"footnotes":""},"categories":[1],"tags":[12],"class_list":["post-62","post","type-post","status-publish","format-standard","has-post-thumbnail","hentry","category-allgemein","tag-veranstaltung"],"_links":{"self":[{"href":"http:\/\/www.noepker-vereine.de\/SchuetzenvereinHomepage\/wp-json\/wp\/v2\/posts\/62","targetHints":{"allow":["GET"]}}],"collection":[{"href":"http:\/\/www.noepker-vereine.de\/SchuetzenvereinHomepage\/wp-json\/wp\/v2\/posts"}],"about":[{"href":"http:\/\/www.noepker-vereine.de\/SchuetzenvereinHomepage\/wp-json\/wp\/v2\/types\/post"}],"author":[{"embeddable":true,"href":"http:\/\/www.noepker-vereine.de\/SchuetzenvereinHomepage\/wp-json\/wp\/v2\/users\/1"}],"replies":[{"embeddable":true,"href":"http:\/\/www.noepker-vereine.de\/SchuetzenvereinHomepage\/wp-json\/wp\/v2\/comments?post=62"}],"version-history":[{"count":1,"href":"http:\/\/www.noepker-vereine.de\/SchuetzenvereinHomepage\/wp-json\/wp\/v2\/posts\/62\/revisions"}],"predecessor-version":[{"id":64,"href":"http:\/\/www.noepker-vereine.de\/SchuetzenvereinHomepage\/wp-json\/wp\/v2\/posts\/62\/revisions\/64"}],"wp:featuredmedia":[{"embeddable":true,"href":"http:\/\/www.noepker-vereine.de\/SchuetzenvereinHomepage\/wp-json\/wp\/v2\/media\/63"}],"wp:attachment":[{"href":"http:\/\/www.noepker-vereine.de\/SchuetzenvereinHomepage\/wp-json\/wp\/v2\/media?parent=62"}],"wp:term":[{"taxonomy":"category","embeddable":true,"href":"http:\/\/www.noepker-vereine.de\/SchuetzenvereinHomepage\/wp-json\/wp\/v2\/categories?post=62"},{"taxonomy":"post_tag","embeddable":true,"href":"http:\/\/www.noepker-vereine.de\/SchuetzenvereinHomepage\/wp-json\/wp\/v2\/tags?post=62"}],"curies":[{"name":"wp","href":"https:\/\/api.w.org\/{rel}","templated":true}]}}