{"id":155,"date":"2025-01-31T21:19:59","date_gmt":"2025-01-31T20:19:59","guid":{"rendered":"http:\/\/www.noepker-vereine.de\/SchuetzenvereinHomepage\/?p=155"},"modified":"2025-09-15T14:42:09","modified_gmt":"2025-09-15T12:42:09","slug":"einladung-zur-jahreshauptversammlung-2025","status":"publish","type":"post","link":"http:\/\/www.noepker-vereine.de\/SchuetzenvereinHomepage\/2025\/01\/31\/einladung-zur-jahreshauptversammlung-2025\/","title":{"rendered":"Einladung zur Jahreshauptversammlung 2025"},"content":{"rendered":"\n<p>Liebe Sch\u00fctzenschwestern, liebe Sch\u00fctzenbr\u00fcder,<\/p>\n\n\n\n<p>zu unserer diesj\u00e4hrigen Hauptversammlung am<\/p>\n\n\n\n<p><strong>Samstag, den 15.02.2024 um 20.00 Uhr<\/strong><\/p>\n\n\n\n<p>im <em>N\u00f6pker Bierhus<\/em> laden wir hiermit ein.<\/p>\n\n\n\n<h4 id=\"tagesordnung\" class=\"wp-block-heading\">Tagesordnung:<\/h4>\n\n\n\n<ol class=\"wp-block-list\">\n<li>Begr\u00fc\u00dfung<\/li>\n\n\n\n<li>Gedenken der verstorbenen Mitglieder<\/li>\n\n\n\n<li>Verlesung der letzten Niederschrift JHV 10.02.2024<\/li>\n\n\n\n<li>T\u00e4tigkeitsbericht Gesch\u00e4ftsjahr 2024 des 1. Vorsitzenden<\/li>\n\n\n\n<li>T\u00e4tigkeitsbericht Gesch\u00e4ftsjahr 2024 des 1. Schie\u00dfwarts<\/li>\n\n\n\n<li>T\u00e4tigkeitsbericht Gesch\u00e4ftsjahr 2024 der Jugendleiterin<\/li>\n\n\n\n<li>T\u00e4tigkeitsbericht Gesch\u00e4ftsjahr 2024 der Damenleiterin<\/li>\n\n\n\n<li>T\u00e4tigkeitsbericht Gesch\u00e4ftsjahr 2024 des Kapellensprechers<\/li>\n\n\n\n<li>Kassenbericht Gesch\u00e4ftsjahr 2024<\/li>\n\n\n\n<li>Entlastung<\/li>\n\n\n\n<li>Neuwahl Kassenpr\u00fcfer<\/li>\n\n\n\n<li>Ehrungen<\/li>\n\n\n\n<li>Neuwahlen:\n<ul class=\"wp-block-list\">\n<li>3. Vorsitzende\/r<\/li>\n\n\n\n<li>2. Kassenwart\/in<\/li>\n\n\n\n<li>3. Schie\u00dfwart\/in<\/li>\n\n\n\n<li>2. Schriftf\u00fchrer\/in<\/li>\n\n\n\n<li>3. Jugendleiter\/in<\/li>\n\n\n\n<li>1. Fahnentr\u00e4ger\/in<\/li>\n\n\n\n<li>1 Delegierte(r) \/ 2 Ersatzdelegierte(r) Kreissch\u00fctzentag<\/li>\n<\/ul>\n<\/li>\n\n\n\n<li>Beitragserh\u00f6hung (Der Jahresbeitrag pro Mitglied betr\u00e4gt aktuell: 50,00\u20ac und soll auf 65,00\u20ac angehoben werden)<\/li>\n\n\n\n<li>Haushaltsplan 2025<\/li>\n\n\n\n<li>Verschiedenes\n<ul class=\"wp-block-list\">\n<li>Preisschie\u00dfen 16-17-j\u00e4hrige Mitglieder<\/li>\n\n\n\n<li>Termine<\/li>\n\n\n\n<li>Katerfr\u00fchst\u00fcck ab 2024<\/li>\n\n\n\n<li>Beerdigungen<\/li>\n\n\n\n<li>Jubil\u00e4um 2024<\/li>\n<\/ul>\n<\/li>\n<\/ol>\n\n\n\n<p>Wir bitten um rege Beteiligung.<\/p>\n\n\n\n<p>Mit freundlichen Sch\u00fctzengru\u00df<br>Sven Behrmann (1. Vorsitzender)<\/p>\n","protected":false},"excerpt":{"rendered":"<p>Liebe Sch\u00fctzenschwestern, liebe Sch\u00fctzenbr\u00fcder, zu unserer diesj\u00e4hrigen Hauptversammlung am Samstag, den 15.02.2024 um 20.00 Uhr im N\u00f6pker Bierhus laden wir hiermit ein. Tagesordnung: Wir bitten um rege Beteiligung. Mit freundlichen Sch\u00fctzengru\u00dfSven Behrmann (1. Vorsitzender)<\/p>\n","protected":false},"author":1,"featured_media":0,"comment_status":"closed","ping_status":"open","sticky":false,"template":"","format":"standard","meta":{"footnotes":""},"categories":[16],"tags":[11],"class_list":["post-155","post","type-post","status-publish","format-standard","hentry","category-termine","tag-versammlung"],"_links":{"self":[{"href":"http:\/\/www.noepker-vereine.de\/SchuetzenvereinHomepage\/wp-json\/wp\/v2\/posts\/155","targetHints":{"allow":["GET"]}}],"collection":[{"href":"http:\/\/www.noepker-vereine.de\/SchuetzenvereinHomepage\/wp-json\/wp\/v2\/posts"}],"about":[{"href":"http:\/\/www.noepker-vereine.de\/SchuetzenvereinHomepage\/wp-json\/wp\/v2\/types\/post"}],"author":[{"embeddable":true,"href":"http:\/\/www.noepker-vereine.de\/SchuetzenvereinHomepage\/wp-json\/wp\/v2\/users\/1"}],"replies":[{"embeddable":true,"href":"http:\/\/www.noepker-vereine.de\/SchuetzenvereinHomepage\/wp-json\/wp\/v2\/comments?post=155"}],"version-history":[{"count":1,"href":"http:\/\/www.noepker-vereine.de\/SchuetzenvereinHomepage\/wp-json\/wp\/v2\/posts\/155\/revisions"}],"predecessor-version":[{"id":156,"href":"http:\/\/www.noepker-vereine.de\/SchuetzenvereinHomepage\/wp-json\/wp\/v2\/posts\/155\/revisions\/156"}],"wp:attachment":[{"href":"http:\/\/www.noepker-vereine.de\/SchuetzenvereinHomepage\/wp-json\/wp\/v2\/media?parent=155"}],"wp:term":[{"taxonomy":"category","embeddable":true,"href":"http:\/\/www.noepker-vereine.de\/SchuetzenvereinHomepage\/wp-json\/wp\/v2\/categories?post=155"},{"taxonomy":"post_tag","embeddable":true,"href":"http:\/\/www.noepker-vereine.de\/SchuetzenvereinHomepage\/wp-json\/wp\/v2\/tags?post=155"}],"curies":[{"name":"wp","href":"https:\/\/api.w.org\/{rel}","templated":true}]}}